{"id":90,"date":"2009-06-10T10:42:10","date_gmt":"2009-06-10T14:42:10","guid":{"rendered":"http:\/\/www.beamotos.com.ar\/?p=90"},"modified":"2009-06-10T10:42:10","modified_gmt":"2009-06-10T14:42:10","slug":"sillon-de-peluqueria-para-ninos-pedal-car-ingles","status":"publish","type":"post","link":"https:\/\/www.beamotos.com.ar\/?p=90","title":{"rendered":"Sill\u00f3n de peluquer\u00eda para ni\u00f1os, (pedal car ingl\u00e9s)"},"content":{"rendered":"<p>2223 &#8211; Sill\u00f3n de peluquer\u00eda para ni\u00f1os, (pedal car ingl\u00e9s)<\/p>\n<p><a href=\"http:\/\/www.beamotos.com.ar\/wp-content\/uploads\/2009\/06\/img_0412.jpg\"><img decoding=\"async\" loading=\"lazy\" class=\"alignnone size-medium wp-image-96\" title=\"img_0412\" src=\"http:\/\/www.beamotos.com.ar\/wp-content\/uploads\/2009\/06\/img_0412-295x300.jpg\" alt=\"img_0412\" width=\"295\" height=\"300\" srcset=\"https:\/\/www.beamotos.com.ar\/wp-content\/uploads\/2009\/06\/img_0412-295x300.jpg 295w, https:\/\/www.beamotos.com.ar\/wp-content\/uploads\/2009\/06\/img_0412.jpg 472w\" sizes=\"(max-width: 295px) 100vw, 295px\" \/>\n\t\t<style type=\"text\/css\">\n\t\t\t#gallery-1 {\n\t\t\t\tmargin: auto;\n\t\t\t}\n\t\t\t#gallery-1 .gallery-item {\n\t\t\t\tfloat: left;\n\t\t\t\tmargin-top: 10px;\n\t\t\t\ttext-align: center;\n\t\t\t\twidth: 50%;\n\t\t\t}\n\t\t\t#gallery-1 img {\n\t\t\t\tborder: 2px solid #cfcfcf;\n\t\t\t}\n\t\t\t#gallery-1 .gallery-caption {\n\t\t\t\tmargin-left: 0;\n\t\t\t}\n\t\t\t\/* see gallery_shortcode() in wp-includes\/media.php *\/\n\t\t<\/style>\n\t\t<div id='gallery-1' class='gallery galleryid-90 gallery-columns-2 gallery-size-thumbnail'><dl class='gallery-item'>\n\t\t\t<dt class='gallery-icon landscape'>\n\t\t\t\t<a href='https:\/\/www.beamotos.com.ar\/wp-content\/uploads\/2009\/06\/img_0408.jpg'><img width=\"150\" height=\"150\" src=\"https:\/\/www.beamotos.com.ar\/wp-content\/uploads\/2009\/06\/img_0408-150x150.jpg\" class=\"attachment-thumbnail size-thumbnail\" alt=\"\" decoding=\"async\" loading=\"lazy\" \/><\/a>\n\t\t\t<\/dt><\/dl><dl class='gallery-item'>\n\t\t\t<dt class='gallery-icon portrait'>\n\t\t\t\t<a href='https:\/\/www.beamotos.com.ar\/wp-content\/uploads\/2009\/06\/img_0409.jpg'><img width=\"150\" height=\"150\" src=\"https:\/\/www.beamotos.com.ar\/wp-content\/uploads\/2009\/06\/img_0409-150x150.jpg\" class=\"attachment-thumbnail size-thumbnail\" alt=\"\" decoding=\"async\" loading=\"lazy\" \/><\/a>\n\t\t\t<\/dt><\/dl><br style=\"clear: both\" \/><dl class='gallery-item'>\n\t\t\t<dt class='gallery-icon portrait'>\n\t\t\t\t<a href='https:\/\/www.beamotos.com.ar\/wp-content\/uploads\/2009\/06\/img_0410.jpg'><img width=\"150\" height=\"150\" src=\"https:\/\/www.beamotos.com.ar\/wp-content\/uploads\/2009\/06\/img_0410-150x150.jpg\" class=\"attachment-thumbnail size-thumbnail\" alt=\"\" decoding=\"async\" loading=\"lazy\" \/><\/a>\n\t\t\t<\/dt><\/dl><dl class='gallery-item'>\n\t\t\t<dt class='gallery-icon landscape'>\n\t\t\t\t<a href='https:\/\/www.beamotos.com.ar\/wp-content\/uploads\/2009\/06\/img_0411.jpg'><img width=\"150\" height=\"150\" src=\"https:\/\/www.beamotos.com.ar\/wp-content\/uploads\/2009\/06\/img_0411-150x150.jpg\" class=\"attachment-thumbnail size-thumbnail\" alt=\"\" decoding=\"async\" loading=\"lazy\" \/><\/a>\n\t\t\t<\/dt><\/dl><br style=\"clear: both\" \/><dl class='gallery-item'>\n\t\t\t<dt class='gallery-icon portrait'>\n\t\t\t\t<a href='https:\/\/www.beamotos.com.ar\/wp-content\/uploads\/2009\/06\/img_0412.jpg'><img width=\"150\" height=\"150\" src=\"https:\/\/www.beamotos.com.ar\/wp-content\/uploads\/2009\/06\/img_0412-150x150.jpg\" class=\"attachment-thumbnail size-thumbnail\" alt=\"\" decoding=\"async\" loading=\"lazy\" \/><\/a>\n\t\t\t<\/dt><\/dl>\n\t\t\t<br style='clear: both' \/>\n\t\t<\/div>\n<\/p>\n<p><\/a><\/p>\n","protected":false},"excerpt":{"rendered":"<p>2223 &#8211; Sill\u00f3n de peluquer\u00eda para ni\u00f1os, (pedal car ingl\u00e9s)<\/p>\n","protected":false},"author":1,"featured_media":0,"comment_status":"open","ping_status":"open","sticky":false,"template":"","format":"standard","meta":[],"categories":[10],"tags":[],"_links":{"self":[{"href":"https:\/\/www.beamotos.com.ar\/index.php?rest_route=\/wp\/v2\/posts\/90"}],"collection":[{"href":"https:\/\/www.beamotos.com.ar\/index.php?rest_route=\/wp\/v2\/posts"}],"about":[{"href":"https:\/\/www.beamotos.com.ar\/index.php?rest_route=\/wp\/v2\/types\/post"}],"author":[{"embeddable":true,"href":"https:\/\/www.beamotos.com.ar\/index.php?rest_route=\/wp\/v2\/users\/1"}],"replies":[{"embeddable":true,"href":"https:\/\/www.beamotos.com.ar\/index.php?rest_route=%2Fwp%2Fv2%2Fcomments&post=90"}],"version-history":[{"count":4,"href":"https:\/\/www.beamotos.com.ar\/index.php?rest_route=\/wp\/v2\/posts\/90\/revisions"}],"predecessor-version":[{"id":99,"href":"https:\/\/www.beamotos.com.ar\/index.php?rest_route=\/wp\/v2\/posts\/90\/revisions\/99"}],"wp:attachment":[{"href":"https:\/\/www.beamotos.com.ar\/index.php?rest_route=%2Fwp%2Fv2%2Fmedia&parent=90"}],"wp:term":[{"taxonomy":"category","embeddable":true,"href":"https:\/\/www.beamotos.com.ar\/index.php?rest_route=%2Fwp%2Fv2%2Fcategories&post=90"},{"taxonomy":"post_tag","embeddable":true,"href":"https:\/\/www.beamotos.com.ar\/index.php?rest_route=%2Fwp%2Fv2%2Ftags&post=90"}],"curies":[{"name":"wp","href":"https:\/\/api.w.org\/{rel}","templated":true}]}}